{"id":1635,"date":"2025-09-09T13:50:00","date_gmt":"2025-09-09T11:50:00","guid":{"rendered":"https:\/\/eftacim.org\/sobre-a-terapia-sistemica-atual-entre-casal-recomposicao-familiar-e-multiculturalismo-9-e-10-de-novembro-2026-belem-para-brasil\/"},"modified":"2026-08-31T12:03:02","modified_gmt":"2026-08-31T10:03:02","slug":"sobre-a-terapia-sistemica-atual-entre-casal-recomposicao-familiar-e-multiculturalismo-9-e-10-de-novembro-2026-belem-para-brasil","status":"publish","type":"post","link":"https:\/\/eftacim.org\/nl\/sobre-a-terapia-sistemica-atual-entre-casal-recomposicao-familiar-e-multiculturalismo-9-e-10-de-novembro-2026-belem-para-brasil\/","title":{"rendered":"Sobre a Terapia Sist\u00eamica Atual: entre casal, recomposi\u00e7\u00e3o familiar e multiculturalismo &#8211; 9 e 10 de novembro 2026 &#8211; Bel\u00e9m &#8211; Par\u00e1 &#8211; Brasil"},"content":{"rendered":"\n<p class=\"wp-block-paragraph\">Dois Dias com Ivy Daure<\/p>\n\n\n\n<p class=\"wp-block-paragraph\"><a href=\"https:\/\/www.sympla.com.br\/evento\/dois-dias-com-ivy-daure\/3552759?share_id=whatsapp\" target=\"_blank\" rel=\"noopener\">informa\u00e7\u00f5es<\/a><\/p>\n\n\n\n<p class=\"wp-block-paragraph\"><\/p>\n","protected":false},"excerpt":{"rendered":"<p>Dois Dias com Ivy Daure<\/p>\n","protected":false},"author":2,"featured_media":1636,"comment_status":"closed","ping_status":"closed","sticky":false,"template":"","format":"standard","meta":{"footnotes":""},"categories":[35],"tags":[],"class_list":["post-1635","post","type-post","status-publish","format-standard","has-post-thumbnail","hentry","category-agenda"],"_links":{"self":[{"href":"https:\/\/eftacim.org\/nl\/wp-json\/wp\/v2\/posts\/1635","targetHints":{"allow":["GET"]}}],"collection":[{"href":"https:\/\/eftacim.org\/nl\/wp-json\/wp\/v2\/posts"}],"about":[{"href":"https:\/\/eftacim.org\/nl\/wp-json\/wp\/v2\/types\/post"}],"author":[{"embeddable":true,"href":"https:\/\/eftacim.org\/nl\/wp-json\/wp\/v2\/users\/2"}],"replies":[{"embeddable":true,"href":"https:\/\/eftacim.org\/nl\/wp-json\/wp\/v2\/comments?post=1635"}],"version-history":[{"count":1,"href":"https:\/\/eftacim.org\/nl\/wp-json\/wp\/v2\/posts\/1635\/revisions"}],"predecessor-version":[{"id":1645,"href":"https:\/\/eftacim.org\/nl\/wp-json\/wp\/v2\/posts\/1635\/revisions\/1645"}],"wp:featuredmedia":[{"embeddable":true,"href":"https:\/\/eftacim.org\/nl\/wp-json\/wp\/v2\/media\/1636"}],"wp:attachment":[{"href":"https:\/\/eftacim.org\/nl\/wp-json\/wp\/v2\/media?parent=1635"}],"wp:term":[{"taxonomy":"category","embeddable":true,"href":"https:\/\/eftacim.org\/nl\/wp-json\/wp\/v2\/categories?post=1635"},{"taxonomy":"post_tag","embeddable":true,"href":"https:\/\/eftacim.org\/nl\/wp-json\/wp\/v2\/tags?post=1635"}],"curies":[{"name":"wp","href":"https:\/\/api.w.org\/{rel}","templated":true}]}}